{"id":33000,"date":"2025-03-15T15:00:00","date_gmt":"2025-03-15T13:00:00","guid":{"rendered":"https:\/\/t4t-com-php8.wp-dev.int.theitops.net\/?p=33000"},"modified":"2025-03-11T09:34:34","modified_gmt":"2025-03-11T07:34:34","slug":"bmw-german-carmaker-faces-trumps-tariff-threat","status":"publish","type":"post","link":"https:\/\/www.t4trade-cn.com\/pt\/bmw-german-carmaker-faces-trumps-tariff-threat\/","title":{"rendered":"BMW: German Carmaker Faces Trump\u2019s Tariff Threat"},"content":{"rendered":"<p>On 6 March, it was reported that BMW may not be exempt from the 25% tariffs that U.S. President Donald Trump has imposed on imports from Mexico and Canada. This week, Trump allowed a one-month reprieve on tariffs to automakers. Specifically, this reprieve applied to those who complied with the United States-Mexico-Canada Agreement (USMCA) rules of origin. However, which automakers will end up being subject to tariffs isn&#8217;t entirely clear yet. <a href=\"https:\/\/www.t4trade.com\/pt\/markets\/shares\/\" target=\"_blank\" rel=\"noreferrer noopener\">BMW&#8217;s stock (BMW.DE) has experienced fluctuations<\/a> in response to the tariff uncertainty. Investors remain cautious as potential 25% tariffs could impact BMW\u2019s North American supply chain and production costs. <\/p>\n\n\n\n<p>Despite this, BMW\u2019s stock has shown resilience. Furthermore, analysts are closely monitoring how trade negotiations and USMCA compliance may influence the company\u2019s profitability. Any further clarity on tariff exemptions could drive volatility in BMW&#8217;s stock price in the coming weeks.<\/p>\n\n\n\n<p>Earlier in February (21 Feb.), Reuters reported that BMW (BMWG.DE) did not see the need to negotiate a special deal with the United States. As a result, the company decided to proceed without seeking exemptions from import tariffs. According to its chief purchasing officer, the German carmaker&#8217;s sizeable presence in the country played a role. Additionally, good relations with the U.S. government contributed to some of the reasons.<\/p>\n\n\n\n<p>However, a spokesperson for BMW explained that vehicles made in the United States and Mexico do not conform to the rules of the trade deal. As a result, these vehicles may be subject to the extreme duties.<\/p>\n\n\n\n<p>A BMW spokesperson said that around 10% of the German automaker\u2019s U.S. sales come from imports from Mexico. In a statement, BMW explained that Trump\u2019s potential tariffs will eventually hit the consumers. As a result, these tariffs will make products much more expensive and less innovative.<\/p>\n\n\n\n<h2 class=\"wp-block-heading\" id=\"h-south-carolina-bmw-plant\"><strong>South Carolina BMW plant<\/strong><\/h2>\n\n\n\n<p>The biggest BMW plant in the world is in South Carolina as it produces the biggest number of cars and also is a major exporter to global markets including China, Germany, and Britain.<\/p>\n\n\n\n<p>If U.S. President Donald Trump follows through on threats to impose tariffs of around 25% on vehicle imports, the company may have room to restructure production and make more for the local market.<\/p>\n\n\n\n<p>Speaking to journalists at an event at the carmaker&#8217;s component factory in Landshut, Germany, Joachim Post said in regards to tariffs: &#8220;I don&#8217;t see a situation where we need our own deal.&#8221; Trump&#8217;s tariffs could come into force from 2 April 2 and could be painful for many other carmakers, such as BMW competitors Audi and <a href=\"https:\/\/www.t4trade.com\/en\/future-of-porsche-in-the-ev-market\/\" target=\"_blank\" rel=\"noreferrer noopener\">Porsche<\/a>.<\/p>\n\n\n\n<p>BMW&#8217;s Post said the carmaker&#8217;s attitude towards &#8220;technological openness&#8221; and establishing production lines capable of switching between producing combustion engine, plug-in hybrid, and purely electric cars was paying off.<\/p>\n\n\n\n<p>He added, &#8220;The U.S. has always divided relatively when it comes to drive system preferences\u2026 that will continue.&#8221;<\/p>\n\n\n\n<figure class=\"wp-block-image size-full\"><img fetchpriority=\"high\" decoding=\"async\" width=\"850\" height=\"360\" src=\"\/wp-content\/uploads\/2025\/03\/car-bmw-stock-black-ev.jpg\" alt=\"This illustration features a black BMW 7 Series EV, emphasizing its luxurious design and advanced automotive technology\" class=\"wp-image-33007\" srcset=\"\/wp-content\/uploads\/2025\/03\/car-bmw-stock-black-ev.jpg 850w, \/wp-content\/uploads\/2025\/03\/car-bmw-stock-black-ev-300x127.jpg 300w, \/wp-content\/uploads\/2025\/03\/car-bmw-stock-black-ev-768x325.jpg 768w, \/wp-content\/uploads\/2025\/03\/car-bmw-stock-black-ev-18x8.jpg 18w\" sizes=\"(max-width: 850px) 100vw, 850px\" \/><\/figure>\n\n\n\n<h2 class=\"wp-block-heading\" id=\"h-how-carmakers-are-dealing-with-higher-costs\"><strong>How carmakers are dealing with higher costs<\/strong><\/h2>\n\n\n\n<p>To minimise costs, Mercedes-Benz and the <a href=\"https:\/\/www.t4trade.com\/en\/volkswagens-ev-future-uncertain-as-german-outlook-looks-bleak\/\" target=\"_blank\" rel=\"noreferrer noopener\">VW<\/a> passenger car brand are shifting some production to countries in Eastern Europe. BMW decided to manufacture key parts for the upcoming &#8216;Neue Klasse&#8217; EV cars in two plants in Germany and Austria which will help them keep costs down.<\/p>\n\n\n\n<p>BMW will produce the so-called &#8220;Energy Master&#8221; in Landshut in southern Germany. This is a control unit for its new generation of batteries, which BMW produces fully. Neue Klasse&#8217;s electric motor will be manufactured at its plant in Steyr, Austria.<\/p>\n\n\n\n<h2 class=\"wp-block-heading\" id=\"h-bmw-struggles-with-waning-ev-demand\"><strong>BMW struggles with waning EV demand<\/strong><\/h2>\n\n\n\n<p>Demand for electric vehicles has declined, despite huge sales reported in 2023 and early 2024. BMW\u2019s sales rose by double-digits in the third quarter, with more than 100,000 EVs sold over the three months up to October 2024. BMW Group, including Mini, sold 103,440 EVs in the third quarter, 10% up from Q3 2023. <\/p>\n\n\n\n<p>In the first 9 months of 2024, buyers sold more than 294,000 EVs. BMW\u2019s electric vehicle sales rose 19.1% in 2024 compared to 2023. In Europe, BMW delivered 121,844 EVs through the first nine months of 2024, up 35.8% compared to 2023. BMW\u2019s iX1 and i4 were the key drivers of the growth.<\/p>\n\n\n\n<p>2025 was not as generous. BMW had to pause its \u00a3600m investment in its UK Mini plant after electric car demand dropped. With no charging infrastructure existent and the costs of switching over from petrol and diesel alternatives increasing, consumers have become less interested in electric vehicles.<\/p>\n\n\n\n<p>BMW&#8217;s stock (BMW.DE) has reflected investor concerns over declining EV demand, experiencing fluctuations as the company navigates shifting consumer preferences. After strong EV sales growth in 2023 and early 2024, weaker demand in 2025 has pressured BMW\u2019s stock performance.<\/p>\n\n\n\n<p>The company\u2019s decision to pause its \u00a3600m investment in the UK Mini plant has further raised concerns about profitability and long-term EV strategy. Analysts are closely watching how BMW adapts to market conditions, as stock volatility may persist depending on consumer sentiment and government support for EV infrastructure.<\/p>\n\n\n\n<figure class=\"wp-block-image size-full\"><img decoding=\"async\" width=\"850\" height=\"360\" src=\"\/wp-content\/uploads\/2025\/03\/white-car-bmw-suv-x3.gif\" alt=\"Two circles on contrasting backgrounds: one black and one blue, with a white BMW X3 SUV in the foreground.\" class=\"wp-image-33009\"\/><\/figure>\n\n\n\n<h2 class=\"wp-block-heading\" id=\"h-pausing-600m-investment-in-oxford-mini-plant\"><strong>Pausing \u00a3600m investment in Oxford Mini plant<\/strong><\/h2>\n\n\n\n<p>Rishi Sunak\u2019s government prepared the deal, including \u00a360m in taxpayer funding, marking a shift from BMW\u2019s previous plan to export production to cheaper Chinese factories.<\/p>\n\n\n\n<p>They planned to situate the Mini car assembly plant on the outskirts of Oxford. The German carmaker has owned Mini since 2000.<\/p>\n\n\n\n<p>Back in 2023, BMW announced plans to develop its Cowley plant for electric Mini production, with government funds backing the project and securing 4,000 jobs in electric vehicle production.<\/p>\n\n\n\n<p>BMW will now review these plans to manufacture battery-powered Minis at its Cowley site due to the several uncertainties the automotive industry is currently facing.<\/p>\n\n\n\n<p>The BMW Group reported in a statement that they were evaluating the timing for reestablishing battery-electric Mini production in Oxford.<\/p>\n\n\n\n<p>BMW said that Plant Oxford is \u201cat the heart of Mini production, manufacturing and exporting a range of models sought after in the UK and around the world\u201d and that \u201cMuch of the investment is progressing, with construction well underway to make the plant future-ready.\u201d One of the projects is a brand-new state-of-the-art logistics facility.\u201d<\/p>\n\n\n\n<p>The company notified the UK government that it won\u2019t take the grant as it has decided to review the timeline while remaining \u201cin close dialogue\u201d with the government about their future plans. The termination of the investment has put BMW\u2019s future at stake, with the automaker to continue paying import duties for longer than expected. Production of the electric Mini Cooper and the electric Mini Aceman crossover SUV was planned to start in 2026 at the site.<\/p>\n\n\n\n<figure class=\"wp-block-image size-full\"><img decoding=\"async\" width=\"850\" height=\"360\" src=\"\/wp-content\/uploads\/2025\/03\/bmw-stock-analysis-carmakers.jpg\" alt=\"A striking BMW logo on a building, set against a bright blue backdrop, representing the brand's presence in the stock market.\" class=\"wp-image-33008\" srcset=\"\/wp-content\/uploads\/2025\/03\/bmw-stock-analysis-carmakers.jpg 850w, \/wp-content\/uploads\/2025\/03\/bmw-stock-analysis-carmakers-300x127.jpg 300w, \/wp-content\/uploads\/2025\/03\/bmw-stock-analysis-carmakers-768x325.jpg 768w, \/wp-content\/uploads\/2025\/03\/bmw-stock-analysis-carmakers-18x8.jpg 18w\" sizes=\"(max-width: 850px) 100vw, 850px\" \/><\/figure>\n\n\n\n<h2 class=\"wp-block-heading\" id=\"h-uk-to-go-electric-by-2030\"><strong>UK to go electric by 2030<\/strong><\/h2>\n\n\n\n<p>The Oxford Plant, which employs 4,500 people, will continue to manufacture Minis with internal combustion engines. The plant is expected to become electric-only by 2030. The current Labour government promised to reintroduce former Conservative prime minister Boris Johnson\u2019s proposal to ban sales of new petrol and diesel cars by 2030. Car manufacturers could face fines of up to \u00a315,000 a car if they fail to meet strict quotas on sales of electric vehicles. This year, 28% of UK car sales must be electric \u2013 and this allocation is expected to increase every year. Last year, the target was 22%.<\/p>\n\n\n\n<p>A Department for Transport spokesperson said: \u201cWe recognise the global challenges car manufacturers face and have listened to their concerns by consulting on reinstating the 2030 EV deadline whilst also protecting jobs \u2013 a decision supported by a majority of manufacturers who have been working towards this date, and are on track to meet their ZEV mandate targets.<\/p>\n\n\n\n<p>\u201cWe\u2019re investing over \u00a32.3 billion to support industry and consumers make the switch, tapping into a multibillion-pound industry that will create high paid jobs for decades to come, make the UK a clean energy superpower and help deliver our Plan for Change.\u201d<\/p>\n\n\n\n<p><strong>Isen\u00e7\u00e3o de responsabilidade: <\/strong><em>Este material destina-se apenas a fins informativos e educativos e n\u00e3o deve ser considerado como conselho ou recomenda\u00e7\u00e3o de investimento. A T4Trade n\u00e3o se responsabiliza por quaisquer dados fornecidos por terceiros referenciados ou hiperligados nesta comunica\u00e7\u00e3o.<\/em><\/p>","protected":false},"excerpt":{"rendered":"<p>On 6 March, it was reported that BMW may not be exempt from the 25% tariffs that U.S&#8230;.<\/p>","protected":false},"author":12,"featured_media":33006,"comment_status":"closed","ping_status":"closed","sticky":false,"template":"","format":"standard","meta":{"_acf_changed":false,"inline_featured_image":false,"footnotes":""},"categories":[18],"tags":[],"class_list":["post-33000","post","type-post","status-publish","format-standard","has-post-thumbnail","hentry","category-stocks","entry"],"acf":[],"yoast_head":"<!-- This site is optimized with the Yoast SEO Premium plugin v26.2 (Yoast SEO v26.5) - https:\/\/yoast.com\/wordpress\/plugins\/seo\/ -->\n<title>BMW: German Carmaker Faces Trump\u2019s Tariff Threat<\/title>\n<meta name=\"description\" content=\"Trump\u2019s tariffs and waning EV demand may have a huge impact on BMW stock. Read the article to find out the latest about the German automaker.\" \/>\n<meta name=\"robots\" content=\"index, follow, max-snippet:-1, max-image-preview:large, max-video-preview:-1\" \/>\n<link rel=\"canonical\" href=\"https:\/\/www.t4trade.com\/pt\/wp-json\/wp\/v2\/posts\/33000\/\" \/>\n<meta property=\"og:locale\" content=\"pt_PT\" \/>\n<meta property=\"og:type\" content=\"article\" \/>\n<meta property=\"og:title\" content=\"BMW: German Carmaker Faces Trump\u2019s Tariff Threat\" \/>\n<meta property=\"og:description\" content=\"Trump\u2019s tariffs and waning EV demand may have a huge impact on BMW stock. Read the article to find out the latest about the German automaker.\" \/>\n<meta property=\"og:url\" content=\"https:\/\/www.t4trade-cn.com\/pt\/bmw-german-carmaker-faces-trumps-tariff-threat\/\" \/>\n<meta property=\"og:site_name\" content=\"T4Trade\" \/>\n<meta property=\"article:published_time\" content=\"2025-03-15T13:00:00+00:00\" \/>\n<meta property=\"og:image\" content=\"https:\/\/www.t4trade-cn.com\/wp-content\/uploads\/2025\/03\/bmw-stock-performance-carmakers.jpg\" \/>\n\t<meta property=\"og:image:width\" content=\"850\" \/>\n\t<meta property=\"og:image:height\" content=\"360\" \/>\n\t<meta property=\"og:image:type\" content=\"image\/jpeg\" \/>\n<meta name=\"author\" content=\"T4Trade Team\" \/>\n<meta name=\"twitter:card\" content=\"summary_large_image\" \/>\n<meta name=\"twitter:label1\" content=\"Escrito por\" \/>\n\t<meta name=\"twitter:data1\" content=\"T4Trade Team\" \/>\n\t<meta name=\"twitter:label2\" content=\"Tempo estimado de leitura\" \/>\n\t<meta name=\"twitter:data2\" content=\"7 minutos\" \/>\n<script type=\"application\/ld+json\" class=\"yoast-schema-graph\">{\"@context\":\"https:\/\/schema.org\",\"@graph\":[{\"@type\":\"Article\",\"@id\":\"https:\/\/www.t4trade-cn.com\/pt\/bmw-german-carmaker-faces-trumps-tariff-threat\/#article\",\"isPartOf\":{\"@id\":\"https:\/\/www.t4trade-cn.com\/pt\/bmw-german-carmaker-faces-trumps-tariff-threat\/\"},\"author\":{\"name\":\"T4Trade Team\",\"@id\":\"https:\/\/www.t4trade-cn.com\/pt\/#\/schema\/person\/f9f0c72cf5817a124a7dd07c0ea82e4b\"},\"headline\":\"BMW: German Carmaker Faces Trump\u2019s Tariff Threat\",\"datePublished\":\"2025-03-15T13:00:00+00:00\",\"mainEntityOfPage\":{\"@id\":\"https:\/\/www.t4trade-cn.com\/pt\/bmw-german-carmaker-faces-trumps-tariff-threat\/\"},\"wordCount\":1309,\"publisher\":{\"@id\":\"https:\/\/www.t4trade-cn.com\/pt\/#organization\"},\"image\":{\"@id\":\"https:\/\/www.t4trade-cn.com\/pt\/bmw-german-carmaker-faces-trumps-tariff-threat\/#primaryimage\"},\"thumbnailUrl\":\"\/wp-content\/uploads\/2025\/03\/bmw-stock-performance-carmakers.jpg\",\"articleSection\":[\"Stocks\"],\"inLanguage\":\"pt-PT\"},{\"@type\":\"WebPage\",\"@id\":\"https:\/\/www.t4trade-cn.com\/pt\/bmw-german-carmaker-faces-trumps-tariff-threat\/\",\"url\":\"https:\/\/www.t4trade-cn.com\/pt\/bmw-german-carmaker-faces-trumps-tariff-threat\/\",\"name\":\"BMW: German Carmaker Faces Trump\u2019s Tariff Threat\",\"isPartOf\":{\"@id\":\"https:\/\/www.t4trade-cn.com\/pt\/#website\"},\"primaryImageOfPage\":{\"@id\":\"https:\/\/www.t4trade-cn.com\/pt\/bmw-german-carmaker-faces-trumps-tariff-threat\/#primaryimage\"},\"image\":{\"@id\":\"https:\/\/www.t4trade-cn.com\/pt\/bmw-german-carmaker-faces-trumps-tariff-threat\/#primaryimage\"},\"thumbnailUrl\":\"\/wp-content\/uploads\/2025\/03\/bmw-stock-performance-carmakers.jpg\",\"datePublished\":\"2025-03-15T13:00:00+00:00\",\"description\":\"Trump\u2019s tariffs and waning EV demand may have a huge impact on BMW stock. Read the article to find out the latest about the German automaker.\",\"breadcrumb\":{\"@id\":\"https:\/\/www.t4trade-cn.com\/pt\/bmw-german-carmaker-faces-trumps-tariff-threat\/#breadcrumb\"},\"inLanguage\":\"pt-PT\",\"potentialAction\":[{\"@type\":\"ReadAction\",\"target\":[\"https:\/\/www.t4trade-cn.com\/pt\/bmw-german-carmaker-faces-trumps-tariff-threat\/\"]}]},{\"@type\":\"ImageObject\",\"inLanguage\":\"pt-PT\",\"@id\":\"https:\/\/www.t4trade-cn.com\/pt\/bmw-german-carmaker-faces-trumps-tariff-threat\/#primaryimage\",\"url\":\"\/wp-content\/uploads\/2025\/03\/bmw-stock-performance-carmakers.jpg\",\"contentUrl\":\"\/wp-content\/uploads\/2025\/03\/bmw-stock-performance-carmakers.jpg\",\"width\":850,\"height\":360},{\"@type\":\"BreadcrumbList\",\"@id\":\"https:\/\/www.t4trade-cn.com\/pt\/bmw-german-carmaker-faces-trumps-tariff-threat\/#breadcrumb\",\"itemListElement\":[{\"@type\":\"ListItem\",\"position\":1,\"name\":\"Home\",\"item\":\"https:\/\/www.t4trade-cn.com\/pt\/\"},{\"@type\":\"ListItem\",\"position\":2,\"name\":\"BMW: German Carmaker Faces Trump\u2019s Tariff Threat\"}]},{\"@type\":\"WebSite\",\"@id\":\"https:\/\/www.t4trade-cn.com\/pt\/#website\",\"url\":\"https:\/\/www.t4trade-cn.com\/pt\/\",\"name\":\"T4Trade\",\"description\":\"\",\"publisher\":{\"@id\":\"https:\/\/www.t4trade-cn.com\/pt\/#organization\"},\"potentialAction\":[{\"@type\":\"SearchAction\",\"target\":{\"@type\":\"EntryPoint\",\"urlTemplate\":\"https:\/\/www.t4trade-cn.com\/pt\/?s={search_term_string}\"},\"query-input\":{\"@type\":\"PropertyValueSpecification\",\"valueRequired\":true,\"valueName\":\"search_term_string\"}}],\"inLanguage\":\"pt-PT\"},{\"@type\":\"Organization\",\"@id\":\"https:\/\/www.t4trade-cn.com\/pt\/#organization\",\"name\":\"T4Trade\",\"url\":\"https:\/\/www.t4trade-cn.com\/pt\/\",\"logo\":{\"@type\":\"ImageObject\",\"inLanguage\":\"pt-PT\",\"@id\":\"https:\/\/www.t4trade-cn.com\/pt\/#\/schema\/logo\/image\/\",\"url\":\"\/wp-content\/uploads\/2021\/10\/Group.svg\",\"contentUrl\":\"\/wp-content\/uploads\/2021\/10\/Group.svg\",\"width\":145,\"height\":33,\"caption\":\"T4Trade\"},\"image\":{\"@id\":\"https:\/\/www.t4trade-cn.com\/pt\/#\/schema\/logo\/image\/\"}},{\"@type\":\"Person\",\"@id\":\"https:\/\/www.t4trade-cn.com\/pt\/#\/schema\/person\/f9f0c72cf5817a124a7dd07c0ea82e4b\",\"name\":\"T4Trade Team\",\"url\":\"https:\/\/www.t4trade-cn.com\/pt\/author\/t4tradeteam\/\"}]}<\/script>\n<!-- \/ Yoast SEO Premium plugin. -->","yoast_head_json":{"title":"BMW: German Carmaker Faces Trump\u2019s Tariff Threat","description":"Trump\u2019s tariffs and waning EV demand may have a huge impact on BMW stock. Read the article to find out the latest about the German automaker.","robots":{"index":"index","follow":"follow","max-snippet":"max-snippet:-1","max-image-preview":"max-image-preview:large","max-video-preview":"max-video-preview:-1"},"canonical":"https:\/\/www.t4trade.com\/pt\/wp-json\/wp\/v2\/posts\/33000\/","og_locale":"pt_PT","og_type":"article","og_title":"BMW: German Carmaker Faces Trump\u2019s Tariff Threat","og_description":"Trump\u2019s tariffs and waning EV demand may have a huge impact on BMW stock. Read the article to find out the latest about the German automaker.","og_url":"https:\/\/www.t4trade-cn.com\/pt\/bmw-german-carmaker-faces-trumps-tariff-threat\/","og_site_name":"T4Trade","article_published_time":"2025-03-15T13:00:00+00:00","og_image":[{"width":850,"height":360,"url":"https:\/\/www.t4trade-cn.com\/wp-content\/uploads\/2025\/03\/bmw-stock-performance-carmakers.jpg","type":"image\/jpeg"}],"author":"T4Trade Team","twitter_card":"summary_large_image","twitter_misc":{"Escrito por":"T4Trade Team","Tempo estimado de leitura":"7 minutos"},"schema":{"@context":"https:\/\/schema.org","@graph":[{"@type":"Article","@id":"https:\/\/www.t4trade-cn.com\/pt\/bmw-german-carmaker-faces-trumps-tariff-threat\/#article","isPartOf":{"@id":"https:\/\/www.t4trade-cn.com\/pt\/bmw-german-carmaker-faces-trumps-tariff-threat\/"},"author":{"name":"T4Trade Team","@id":"https:\/\/www.t4trade-cn.com\/pt\/#\/schema\/person\/f9f0c72cf5817a124a7dd07c0ea82e4b"},"headline":"BMW: German Carmaker Faces Trump\u2019s Tariff Threat","datePublished":"2025-03-15T13:00:00+00:00","mainEntityOfPage":{"@id":"https:\/\/www.t4trade-cn.com\/pt\/bmw-german-carmaker-faces-trumps-tariff-threat\/"},"wordCount":1309,"publisher":{"@id":"https:\/\/www.t4trade-cn.com\/pt\/#organization"},"image":{"@id":"https:\/\/www.t4trade-cn.com\/pt\/bmw-german-carmaker-faces-trumps-tariff-threat\/#primaryimage"},"thumbnailUrl":"\/wp-content\/uploads\/2025\/03\/bmw-stock-performance-carmakers.jpg","articleSection":["Stocks"],"inLanguage":"pt-PT"},{"@type":"WebPage","@id":"https:\/\/www.t4trade-cn.com\/pt\/bmw-german-carmaker-faces-trumps-tariff-threat\/","url":"https:\/\/www.t4trade-cn.com\/pt\/bmw-german-carmaker-faces-trumps-tariff-threat\/","name":"BMW: German Carmaker Faces Trump\u2019s Tariff Threat","isPartOf":{"@id":"https:\/\/www.t4trade-cn.com\/pt\/#website"},"primaryImageOfPage":{"@id":"https:\/\/www.t4trade-cn.com\/pt\/bmw-german-carmaker-faces-trumps-tariff-threat\/#primaryimage"},"image":{"@id":"https:\/\/www.t4trade-cn.com\/pt\/bmw-german-carmaker-faces-trumps-tariff-threat\/#primaryimage"},"thumbnailUrl":"\/wp-content\/uploads\/2025\/03\/bmw-stock-performance-carmakers.jpg","datePublished":"2025-03-15T13:00:00+00:00","description":"Trump\u2019s tariffs and waning EV demand may have a huge impact on BMW stock. Read the article to find out the latest about the German automaker.","breadcrumb":{"@id":"https:\/\/www.t4trade-cn.com\/pt\/bmw-german-carmaker-faces-trumps-tariff-threat\/#breadcrumb"},"inLanguage":"pt-PT","potentialAction":[{"@type":"ReadAction","target":["https:\/\/www.t4trade-cn.com\/pt\/bmw-german-carmaker-faces-trumps-tariff-threat\/"]}]},{"@type":"ImageObject","inLanguage":"pt-PT","@id":"https:\/\/www.t4trade-cn.com\/pt\/bmw-german-carmaker-faces-trumps-tariff-threat\/#primaryimage","url":"\/wp-content\/uploads\/2025\/03\/bmw-stock-performance-carmakers.jpg","contentUrl":"\/wp-content\/uploads\/2025\/03\/bmw-stock-performance-carmakers.jpg","width":850,"height":360},{"@type":"BreadcrumbList","@id":"https:\/\/www.t4trade-cn.com\/pt\/bmw-german-carmaker-faces-trumps-tariff-threat\/#breadcrumb","itemListElement":[{"@type":"ListItem","position":1,"name":"Home","item":"https:\/\/www.t4trade-cn.com\/pt\/"},{"@type":"ListItem","position":2,"name":"BMW: German Carmaker Faces Trump\u2019s Tariff Threat"}]},{"@type":"WebSite","@id":"https:\/\/www.t4trade-cn.com\/pt\/#website","url":"https:\/\/www.t4trade-cn.com\/pt\/","name":"T4Trade","description":"","publisher":{"@id":"https:\/\/www.t4trade-cn.com\/pt\/#organization"},"potentialAction":[{"@type":"SearchAction","target":{"@type":"EntryPoint","urlTemplate":"https:\/\/www.t4trade-cn.com\/pt\/?s={search_term_string}"},"query-input":{"@type":"PropertyValueSpecification","valueRequired":true,"valueName":"search_term_string"}}],"inLanguage":"pt-PT"},{"@type":"Organization","@id":"https:\/\/www.t4trade-cn.com\/pt\/#organization","name":"T4Trade","url":"https:\/\/www.t4trade-cn.com\/pt\/","logo":{"@type":"ImageObject","inLanguage":"pt-PT","@id":"https:\/\/www.t4trade-cn.com\/pt\/#\/schema\/logo\/image\/","url":"\/wp-content\/uploads\/2021\/10\/Group.svg","contentUrl":"\/wp-content\/uploads\/2021\/10\/Group.svg","width":145,"height":33,"caption":"T4Trade"},"image":{"@id":"https:\/\/www.t4trade-cn.com\/pt\/#\/schema\/logo\/image\/"}},{"@type":"Person","@id":"https:\/\/www.t4trade-cn.com\/pt\/#\/schema\/person\/f9f0c72cf5817a124a7dd07c0ea82e4b","name":"T4Trade Team","url":"https:\/\/www.t4trade-cn.com\/pt\/author\/t4tradeteam\/"}]}},"_links":{"self":[{"href":"https:\/\/www.t4trade-cn.com\/pt\/wp-json\/wp\/v2\/posts\/33000","targetHints":{"allow":["GET"]}}],"collection":[{"href":"https:\/\/www.t4trade-cn.com\/pt\/wp-json\/wp\/v2\/posts"}],"about":[{"href":"https:\/\/www.t4trade-cn.com\/pt\/wp-json\/wp\/v2\/types\/post"}],"author":[{"embeddable":true,"href":"https:\/\/www.t4trade-cn.com\/pt\/wp-json\/wp\/v2\/users\/12"}],"replies":[{"embeddable":true,"href":"https:\/\/www.t4trade-cn.com\/pt\/wp-json\/wp\/v2\/comments?post=33000"}],"version-history":[{"count":4,"href":"https:\/\/www.t4trade-cn.com\/pt\/wp-json\/wp\/v2\/posts\/33000\/revisions"}],"predecessor-version":[{"id":33010,"href":"https:\/\/www.t4trade-cn.com\/pt\/wp-json\/wp\/v2\/posts\/33000\/revisions\/33010"}],"wp:featuredmedia":[{"embeddable":true,"href":"https:\/\/www.t4trade-cn.com\/pt\/wp-json\/wp\/v2\/media\/33006"}],"wp:attachment":[{"href":"https:\/\/www.t4trade-cn.com\/pt\/wp-json\/wp\/v2\/media?parent=33000"}],"wp:term":[{"taxonomy":"category","embeddable":true,"href":"https:\/\/www.t4trade-cn.com\/pt\/wp-json\/wp\/v2\/categories?post=33000"},{"taxonomy":"post_tag","embeddable":true,"href":"https:\/\/www.t4trade-cn.com\/pt\/wp-json\/wp\/v2\/tags?post=33000"}],"curies":[{"name":"wp","href":"https:\/\/api.w.org\/{rel}","templated":true}]}}